{"id":1720,"date":"2025-03-10T17:52:46","date_gmt":"2025-03-10T16:52:46","guid":{"rendered":"https:\/\/mediateca.age-mgpoente.pt\/?p=1720"},"modified":"2025-03-10T17:52:47","modified_gmt":"2025-03-10T16:52:47","slug":"x-cafe-com-livros-convite","status":"publish","type":"post","link":"https:\/\/mediateca.age-mgpoente.pt\/?p=1720","title":{"rendered":"X Caf\u00e9 com Livros &#8211; Convite"},"content":{"rendered":"\n<p>14 de mar\u00e7o, Audit\u00f3rio da Resinagem, 21h00.<\/p>\n\n\n\n<figure class=\"wp-block-image size-full\"><img loading=\"lazy\" decoding=\"async\" width=\"906\" height=\"481\" src=\"https:\/\/mediateca.age-mgpoente.pt\/wp-content\/uploads\/2025\/03\/cafe-com-livros-25-convite_red.jpg\" alt=\"\" class=\"wp-image-1721\" srcset=\"https:\/\/mediateca.age-mgpoente.pt\/wp-content\/uploads\/2025\/03\/cafe-com-livros-25-convite_red.jpg 906w, https:\/\/mediateca.age-mgpoente.pt\/wp-content\/uploads\/2025\/03\/cafe-com-livros-25-convite_red-300x159.jpg 300w, https:\/\/mediateca.age-mgpoente.pt\/wp-content\/uploads\/2025\/03\/cafe-com-livros-25-convite_red-768x408.jpg 768w\" sizes=\"auto, (max-width: 906px) 100vw, 906px\" \/><\/figure>\n\n\n\n<p>Este ano o Caf\u00e9 com Livros ser\u00e1 integrado nas comemora\u00e7\u00f5es dos 500 anos do nascimento do grande poeta portugu\u00eas, Lu\u00eds de Cam\u00f5es.<br>Ao longo de 90 minutos, haver\u00e1 v\u00e1rios momentos de tert\u00falia, com a presen\u00e7a do ator e encenador do Teatro do Bot\u00e3o, Crist\u00f3v\u00e3o Carvalheiro.<br>Al\u00e9m dos momentos de tert\u00falia, haver\u00e1 m\u00fasica, dan\u00e7a, teatro e poesia de Cam\u00f5es.<br>A noite terminar\u00e1 com uma experi\u00eancia gastron\u00f3mica de alguns pratos de h\u00e1 500 anos, recriados pelos alunos do Curso de Cozinha e Pastelaria da Escola Calazans Duarte.<\/p>\n\n\n\n<p>O X Caf\u00e9 com Livros \u00e9 aberto \u00e0 comunidade.<\/p>\n","protected":false},"excerpt":{"rendered":"<p>14 de mar\u00e7o, Audit\u00f3rio da Resinagem, 21h00. Este ano o Caf\u00e9 com Livros ser\u00e1 integrado nas comemora\u00e7\u00f5es dos 500 anos do nascimento do grande poeta portugu\u00eas, Lu\u00eds de Cam\u00f5es.Ao longo de 90 minutos, haver\u00e1 v\u00e1rios momentos de tert\u00falia, com a presen\u00e7a do ator e encenador do Teatro do Bot\u00e3o, Crist\u00f3v\u00e3o Carvalheiro.Al\u00e9m dos momentos de tert\u00falia, &#8230; <a title=\"X Caf\u00e9 com Livros &#8211; Convite\" class=\"read-more\" href=\"https:\/\/mediateca.age-mgpoente.pt\/?p=1720\" aria-label=\"Leia mais sobre X Caf\u00e9 com Livros &#8211; Convite\">Ler mais<\/a><\/p>\n","protected":false},"author":2,"featured_media":0,"comment_status":"closed","ping_status":"closed","sticky":false,"template":"","format":"standard","meta":{"footnotes":""},"categories":[58,49,59,56],"tags":[],"class_list":["post-1720","post","type-post","status-publish","format-standard","hentry","category-aler-e-melhor","category-cafe-com-livros","category-mediateca-eseacd","category-pal"],"_links":{"self":[{"href":"https:\/\/mediateca.age-mgpoente.pt\/index.php?rest_route=\/wp\/v2\/posts\/1720","targetHints":{"allow":["GET"]}}],"collection":[{"href":"https:\/\/mediateca.age-mgpoente.pt\/index.php?rest_route=\/wp\/v2\/posts"}],"about":[{"href":"https:\/\/mediateca.age-mgpoente.pt\/index.php?rest_route=\/wp\/v2\/types\/post"}],"author":[{"embeddable":true,"href":"https:\/\/mediateca.age-mgpoente.pt\/index.php?rest_route=\/wp\/v2\/users\/2"}],"replies":[{"embeddable":true,"href":"https:\/\/mediateca.age-mgpoente.pt\/index.php?rest_route=%2Fwp%2Fv2%2Fcomments&post=1720"}],"version-history":[{"count":1,"href":"https:\/\/mediateca.age-mgpoente.pt\/index.php?rest_route=\/wp\/v2\/posts\/1720\/revisions"}],"predecessor-version":[{"id":1722,"href":"https:\/\/mediateca.age-mgpoente.pt\/index.php?rest_route=\/wp\/v2\/posts\/1720\/revisions\/1722"}],"wp:attachment":[{"href":"https:\/\/mediateca.age-mgpoente.pt\/index.php?rest_route=%2Fwp%2Fv2%2Fmedia&parent=1720"}],"wp:term":[{"taxonomy":"category","embeddable":true,"href":"https:\/\/mediateca.age-mgpoente.pt\/index.php?rest_route=%2Fwp%2Fv2%2Fcategories&post=1720"},{"taxonomy":"post_tag","embeddable":true,"href":"https:\/\/mediateca.age-mgpoente.pt\/index.php?rest_route=%2Fwp%2Fv2%2Ftags&post=1720"}],"curies":[{"name":"wp","href":"https:\/\/api.w.org\/{rel}","templated":true}]}}