{"id":1715,"date":"2025-02-26T12:51:33","date_gmt":"2025-02-26T11:51:33","guid":{"rendered":"https:\/\/mediateca.age-mgpoente.pt\/?p=1715"},"modified":"2025-02-26T12:53:31","modified_gmt":"2025-02-26T11:53:31","slug":"momento-de-leitura-na-rcm-22","status":"publish","type":"post","link":"https:\/\/mediateca.age-mgpoente.pt\/?p=1715","title":{"rendered":"Momento de Leitura na RCM"},"content":{"rendered":"\n<figure class=\"wp-block-embed is-type-rich is-provider-spotify wp-block-embed-spotify\"><div class=\"wp-block-embed__wrapper\">\n<iframe title=\"Spotify Embed: Momento de Leitura na RCM - Escola Calazans Duarte\" style=\"border-radius: 12px\" width=\"100%\" height=\"152\" frameborder=\"0\" allowfullscreen allow=\"autoplay; clipboard-write; encrypted-media; fullscreen; picture-in-picture\" loading=\"lazy\" src=\"https:\/\/open.spotify.com\/embed\/episode\/5V4gzHsHp8enzlx3tF4Ivk?si=f9NAhKVHSTO1tGyjWfmsMg&#038;utm_source=oembed\"><\/iframe>\n<\/div><figcaption class=\"wp-element-caption\">Grava\u00e7\u00e3o da declama\u00e7\u00e3o v\u00e1rios poemas de Lu\u00eds de Cam\u00f5es, no \u00e2mbito da comemora\u00e7\u00e3o dos 500 anos do seu nascimento.<br>Estas declama\u00e7\u00f5es foram realizadas por alunos da Escola Secund\u00e1ria Eng.\u00ba Ac\u00e1cio Calazans Duarte e pela sua professora de portugu\u00eas, em fevereiro de 2025, na R\u00e1dio Clube Marinhense, no \u00e2mbito do projeto &#8220;Momento de Leitura do Agrupamento de Escolas Marinha Grande Poente&#8221;.<\/figcaption><\/figure>\n\n\n\n<p><\/p>\n","protected":false},"excerpt":{"rendered":"","protected":false},"author":2,"featured_media":0,"comment_status":"closed","ping_status":"closed","sticky":false,"template":"","format":"standard","meta":{"footnotes":""},"categories":[58,36,59,42,56,12],"tags":[],"class_list":["post-1715","post","type-post","status-publish","format-standard","hentry","category-aler-e-melhor","category-leitura","category-mediateca-eseacd","category-momento-leitura","category-pal","category-poesia"],"_links":{"self":[{"href":"https:\/\/mediateca.age-mgpoente.pt\/index.php?rest_route=\/wp\/v2\/posts\/1715","targetHints":{"allow":["GET"]}}],"collection":[{"href":"https:\/\/mediateca.age-mgpoente.pt\/index.php?rest_route=\/wp\/v2\/posts"}],"about":[{"href":"https:\/\/mediateca.age-mgpoente.pt\/index.php?rest_route=\/wp\/v2\/types\/post"}],"author":[{"embeddable":true,"href":"https:\/\/mediateca.age-mgpoente.pt\/index.php?rest_route=\/wp\/v2\/users\/2"}],"replies":[{"embeddable":true,"href":"https:\/\/mediateca.age-mgpoente.pt\/index.php?rest_route=%2Fwp%2Fv2%2Fcomments&post=1715"}],"version-history":[{"count":2,"href":"https:\/\/mediateca.age-mgpoente.pt\/index.php?rest_route=\/wp\/v2\/posts\/1715\/revisions"}],"predecessor-version":[{"id":1718,"href":"https:\/\/mediateca.age-mgpoente.pt\/index.php?rest_route=\/wp\/v2\/posts\/1715\/revisions\/1718"}],"wp:attachment":[{"href":"https:\/\/mediateca.age-mgpoente.pt\/index.php?rest_route=%2Fwp%2Fv2%2Fmedia&parent=1715"}],"wp:term":[{"taxonomy":"category","embeddable":true,"href":"https:\/\/mediateca.age-mgpoente.pt\/index.php?rest_route=%2Fwp%2Fv2%2Fcategories&post=1715"},{"taxonomy":"post_tag","embeddable":true,"href":"https:\/\/mediateca.age-mgpoente.pt\/index.php?rest_route=%2Fwp%2Fv2%2Ftags&post=1715"}],"curies":[{"name":"wp","href":"https:\/\/api.w.org\/{rel}","templated":true}]}}