{"id":1702,"date":"2025-02-24T14:07:38","date_gmt":"2025-02-24T13:07:38","guid":{"rendered":"https:\/\/mediateca.age-mgpoente.pt\/?p=1702"},"modified":"2025-02-24T14:07:39","modified_gmt":"2025-02-24T13:07:39","slug":"dia-dos-namorados","status":"publish","type":"post","link":"https:\/\/mediateca.age-mgpoente.pt\/?p=1702","title":{"rendered":"Dia dos Namorados"},"content":{"rendered":"\n<figure class=\"wp-block-image size-full\"><img loading=\"lazy\" decoding=\"async\" width=\"640\" height=\"480\" src=\"https:\/\/mediateca.age-mgpoente.pt\/wp-content\/uploads\/2025\/02\/IMG_0882.jpg\" alt=\"\" class=\"wp-image-1703\" srcset=\"https:\/\/mediateca.age-mgpoente.pt\/wp-content\/uploads\/2025\/02\/IMG_0882.jpg 640w, https:\/\/mediateca.age-mgpoente.pt\/wp-content\/uploads\/2025\/02\/IMG_0882-300x225.jpg 300w\" sizes=\"auto, (max-width: 640px) 100vw, 640px\" \/><\/figure>\n\n\n\n<p>No dia 14 de fevereiro a Escola Guilherme Stephens comemorou\u00a0 o Dia dos Namorados e o nosso Clube de Leitura aproveitou para apresentar \u00e0s turmas uma leitura declamada do soneto &#8220;Amor \u00e9 fogo que arde sem se ver&#8230;&#8221;, prestando, assim, homenagem ao poeta Lu\u00eds de Cam\u00f5es, cuja data de nascimento comemoramos ao longo deste ano.<\/p>\n","protected":false},"excerpt":{"rendered":"<p>No dia 14 de fevereiro a Escola Guilherme Stephens comemorou\u00a0 o Dia dos Namorados e o nosso Clube de Leitura aproveitou para apresentar \u00e0s turmas uma leitura declamada do soneto &#8220;Amor \u00e9 fogo que arde sem se ver&#8230;&#8221;, prestando, assim, homenagem ao poeta Lu\u00eds de Cam\u00f5es, cuja data de nascimento comemoramos ao longo deste ano.<\/p>\n","protected":false},"author":2,"featured_media":0,"comment_status":"closed","ping_status":"closed","sticky":false,"template":"","format":"standard","meta":{"footnotes":""},"categories":[58,60,48,36,56],"tags":[],"class_list":["post-1702","post","type-post","status-publish","format-standard","hentry","category-aler-e-melhor","category-begs","category-clube-de-leitura","category-leitura","category-pal"],"_links":{"self":[{"href":"https:\/\/mediateca.age-mgpoente.pt\/index.php?rest_route=\/wp\/v2\/posts\/1702","targetHints":{"allow":["GET"]}}],"collection":[{"href":"https:\/\/mediateca.age-mgpoente.pt\/index.php?rest_route=\/wp\/v2\/posts"}],"about":[{"href":"https:\/\/mediateca.age-mgpoente.pt\/index.php?rest_route=\/wp\/v2\/types\/post"}],"author":[{"embeddable":true,"href":"https:\/\/mediateca.age-mgpoente.pt\/index.php?rest_route=\/wp\/v2\/users\/2"}],"replies":[{"embeddable":true,"href":"https:\/\/mediateca.age-mgpoente.pt\/index.php?rest_route=%2Fwp%2Fv2%2Fcomments&post=1702"}],"version-history":[{"count":1,"href":"https:\/\/mediateca.age-mgpoente.pt\/index.php?rest_route=\/wp\/v2\/posts\/1702\/revisions"}],"predecessor-version":[{"id":1704,"href":"https:\/\/mediateca.age-mgpoente.pt\/index.php?rest_route=\/wp\/v2\/posts\/1702\/revisions\/1704"}],"wp:attachment":[{"href":"https:\/\/mediateca.age-mgpoente.pt\/index.php?rest_route=%2Fwp%2Fv2%2Fmedia&parent=1702"}],"wp:term":[{"taxonomy":"category","embeddable":true,"href":"https:\/\/mediateca.age-mgpoente.pt\/index.php?rest_route=%2Fwp%2Fv2%2Fcategories&post=1702"},{"taxonomy":"post_tag","embeddable":true,"href":"https:\/\/mediateca.age-mgpoente.pt\/index.php?rest_route=%2Fwp%2Fv2%2Ftags&post=1702"}],"curies":[{"name":"wp","href":"https:\/\/api.w.org\/{rel}","templated":true}]}}