{"id":1699,"date":"2025-02-24T11:32:59","date_gmt":"2025-02-24T10:32:59","guid":{"rendered":"https:\/\/mediateca.age-mgpoente.pt\/?p=1699"},"modified":"2025-02-24T11:33:00","modified_gmt":"2025-02-24T10:33:00","slug":"xxiv-concurso-de-poesia","status":"publish","type":"post","link":"https:\/\/mediateca.age-mgpoente.pt\/?p=1699","title":{"rendered":"XXIV Concurso de Poesia"},"content":{"rendered":"\n<figure class=\"wp-block-image size-full\"><img loading=\"lazy\" decoding=\"async\" width=\"702\" height=\"992\" src=\"https:\/\/mediateca.age-mgpoente.pt\/wp-content\/uploads\/2025\/02\/concursoPOESIA25_red.jpg\" alt=\"\" class=\"wp-image-1700\" srcset=\"https:\/\/mediateca.age-mgpoente.pt\/wp-content\/uploads\/2025\/02\/concursoPOESIA25_red.jpg 702w, https:\/\/mediateca.age-mgpoente.pt\/wp-content\/uploads\/2025\/02\/concursoPOESIA25_red-212x300.jpg 212w\" sizes=\"auto, (max-width: 702px) 100vw, 702px\" \/><\/figure>\n\n\n\n<p>Solta a imagina\u00e7\u00e3o, d\u00e1 voz aos teus sentimentos e deixa a tua poesia brilhar!<\/p>\n\n\n\n<p>Participa do XXIV Concurso de Poesia promovido pela Mediateca da Escola Calazans Duarte e mostra ao mundo o teu talento!<\/p>\n\n\n\n<p>Consulta o regulamento <a href=\"https:\/\/drive.google.com\/file\/d\/1y6Fkcs5ds-rKRvhZzOIsgBsgE50fk7EL\/view?usp=sharing\" target=\"_blank\" rel=\"noreferrer noopener\">aqui<\/a>.<\/p>\n","protected":false},"excerpt":{"rendered":"<p>Solta a imagina\u00e7\u00e3o, d\u00e1 voz aos teus sentimentos e deixa a tua poesia brilhar! Participa do XXIV Concurso de Poesia promovido pela Mediateca da Escola Calazans Duarte e mostra ao mundo o teu talento! Consulta o regulamento aqui.<\/p>\n","protected":false},"author":2,"featured_media":0,"comment_status":"closed","ping_status":"closed","sticky":false,"template":"","format":"standard","meta":{"footnotes":""},"categories":[58,19,59,56,12],"tags":[],"class_list":["post-1699","post","type-post","status-publish","format-standard","hentry","category-aler-e-melhor","category-concursos","category-mediateca-eseacd","category-pal","category-poesia"],"_links":{"self":[{"href":"https:\/\/mediateca.age-mgpoente.pt\/index.php?rest_route=\/wp\/v2\/posts\/1699","targetHints":{"allow":["GET"]}}],"collection":[{"href":"https:\/\/mediateca.age-mgpoente.pt\/index.php?rest_route=\/wp\/v2\/posts"}],"about":[{"href":"https:\/\/mediateca.age-mgpoente.pt\/index.php?rest_route=\/wp\/v2\/types\/post"}],"author":[{"embeddable":true,"href":"https:\/\/mediateca.age-mgpoente.pt\/index.php?rest_route=\/wp\/v2\/users\/2"}],"replies":[{"embeddable":true,"href":"https:\/\/mediateca.age-mgpoente.pt\/index.php?rest_route=%2Fwp%2Fv2%2Fcomments&post=1699"}],"version-history":[{"count":1,"href":"https:\/\/mediateca.age-mgpoente.pt\/index.php?rest_route=\/wp\/v2\/posts\/1699\/revisions"}],"predecessor-version":[{"id":1701,"href":"https:\/\/mediateca.age-mgpoente.pt\/index.php?rest_route=\/wp\/v2\/posts\/1699\/revisions\/1701"}],"wp:attachment":[{"href":"https:\/\/mediateca.age-mgpoente.pt\/index.php?rest_route=%2Fwp%2Fv2%2Fmedia&parent=1699"}],"wp:term":[{"taxonomy":"category","embeddable":true,"href":"https:\/\/mediateca.age-mgpoente.pt\/index.php?rest_route=%2Fwp%2Fv2%2Fcategories&post=1699"},{"taxonomy":"post_tag","embeddable":true,"href":"https:\/\/mediateca.age-mgpoente.pt\/index.php?rest_route=%2Fwp%2Fv2%2Ftags&post=1699"}],"curies":[{"name":"wp","href":"https:\/\/api.w.org\/{rel}","templated":true}]}}