{"id":1691,"date":"2024-10-03T11:04:23","date_gmt":"2024-10-03T10:04:23","guid":{"rendered":"https:\/\/mediateca.age-mgpoente.pt\/?p=1691"},"modified":"2025-02-21T11:05:02","modified_gmt":"2025-02-21T10:05:02","slug":"v-centenario-do-nascimento-de-luis-vaz-de-camoes","status":"publish","type":"post","link":"https:\/\/mediateca.age-mgpoente.pt\/?p=1691","title":{"rendered":"V Centen\u00e1rio do Nascimento de Lu\u00eds Vaz de Cam\u00f5es"},"content":{"rendered":"\n<figure class=\"wp-block-image size-full\"><img loading=\"lazy\" decoding=\"async\" width=\"841\" height=\"693\" src=\"https:\/\/mediateca.age-mgpoente.pt\/wp-content\/uploads\/2025\/02\/Red.jpg\" alt=\"\" class=\"wp-image-1692\" srcset=\"https:\/\/mediateca.age-mgpoente.pt\/wp-content\/uploads\/2025\/02\/Red.jpg 841w, https:\/\/mediateca.age-mgpoente.pt\/wp-content\/uploads\/2025\/02\/Red-300x247.jpg 300w, https:\/\/mediateca.age-mgpoente.pt\/wp-content\/uploads\/2025\/02\/Red-768x633.jpg 768w\" sizes=\"auto, (max-width: 841px) 100vw, 841px\" \/><\/figure>\n\n\n<div class=\"wp-block-image\">\n<figure class=\"alignleft size-full is-resized\"><img loading=\"lazy\" decoding=\"async\" src=\"https:\/\/mediateca.age-mgpoente.pt\/wp-content\/uploads\/2025\/02\/red2.jpg\" alt=\"\" class=\"wp-image-1693\" width=\"340\" height=\"454\" srcset=\"https:\/\/mediateca.age-mgpoente.pt\/wp-content\/uploads\/2025\/02\/red2.jpg 694w, https:\/\/mediateca.age-mgpoente.pt\/wp-content\/uploads\/2025\/02\/red2-225x300.jpg 225w\" sizes=\"auto, (max-width: 340px) 100vw, 340px\" \/><\/figure>\n<\/div>\n\n\n<p>Alunos da Escola Secund\u00e1ria Eng.\u00ba Ac\u00e1cio Calazans Duarte, d\u00e3o a cara para assinalar os 500 anos do nascimento do grande poeta portugu\u00eas Lu\u00eds de Cam\u00f5es.<\/p>\n","protected":false},"excerpt":{"rendered":"<p>Alunos da Escola Secund\u00e1ria Eng.\u00ba Ac\u00e1cio Calazans Duarte, d\u00e3o a cara para assinalar os 500 anos do nascimento do grande poeta portugu\u00eas Lu\u00eds de Cam\u00f5es.<\/p>\n","protected":false},"author":2,"featured_media":0,"comment_status":"closed","ping_status":"closed","sticky":false,"template":"","format":"standard","meta":{"footnotes":""},"categories":[35,59,47,56],"tags":[],"class_list":["post-1691","post","type-post","status-publish","format-standard","hentry","category-atividades","category-mediateca-eseacd","category-o-poente-a-ler","category-pal"],"_links":{"self":[{"href":"https:\/\/mediateca.age-mgpoente.pt\/index.php?rest_route=\/wp\/v2\/posts\/1691","targetHints":{"allow":["GET"]}}],"collection":[{"href":"https:\/\/mediateca.age-mgpoente.pt\/index.php?rest_route=\/wp\/v2\/posts"}],"about":[{"href":"https:\/\/mediateca.age-mgpoente.pt\/index.php?rest_route=\/wp\/v2\/types\/post"}],"author":[{"embeddable":true,"href":"https:\/\/mediateca.age-mgpoente.pt\/index.php?rest_route=\/wp\/v2\/users\/2"}],"replies":[{"embeddable":true,"href":"https:\/\/mediateca.age-mgpoente.pt\/index.php?rest_route=%2Fwp%2Fv2%2Fcomments&post=1691"}],"version-history":[{"count":1,"href":"https:\/\/mediateca.age-mgpoente.pt\/index.php?rest_route=\/wp\/v2\/posts\/1691\/revisions"}],"predecessor-version":[{"id":1694,"href":"https:\/\/mediateca.age-mgpoente.pt\/index.php?rest_route=\/wp\/v2\/posts\/1691\/revisions\/1694"}],"wp:attachment":[{"href":"https:\/\/mediateca.age-mgpoente.pt\/index.php?rest_route=%2Fwp%2Fv2%2Fmedia&parent=1691"}],"wp:term":[{"taxonomy":"category","embeddable":true,"href":"https:\/\/mediateca.age-mgpoente.pt\/index.php?rest_route=%2Fwp%2Fv2%2Fcategories&post=1691"},{"taxonomy":"post_tag","embeddable":true,"href":"https:\/\/mediateca.age-mgpoente.pt\/index.php?rest_route=%2Fwp%2Fv2%2Ftags&post=1691"}],"curies":[{"name":"wp","href":"https:\/\/api.w.org\/{rel}","templated":true}]}}