{"id":1197,"date":"2022-11-16T16:25:44","date_gmt":"2022-11-16T15:25:44","guid":{"rendered":"https:\/\/mediateca.age-mgpoente.pt\/?p=1197"},"modified":"2022-11-16T16:25:45","modified_gmt":"2022-11-16T15:25:45","slug":"memorial-do-convento-por-solange-francisco","status":"publish","type":"post","link":"https:\/\/mediateca.age-mgpoente.pt\/?p=1197","title":{"rendered":"Memorial do Convento, por Solange Francisco"},"content":{"rendered":"\n<figure class=\"wp-block-embed is-type-video is-provider-youtube wp-block-embed-youtube wp-embed-aspect-16-9 wp-has-aspect-ratio\"><div class=\"wp-block-embed__wrapper\">\n<iframe loading=\"lazy\" title=\"Centen\u00e1rio Jos\u00e9 Saramago\" width=\"1200\" height=\"675\" src=\"https:\/\/www.youtube.com\/embed\/4dvK8Rg2Av8?feature=oembed\" frameborder=\"0\" allow=\"accelerometer; autoplay; clipboard-write; encrypted-media; gyroscope; picture-in-picture\" allowfullscreen><\/iframe>\n<\/div><\/figure>\n\n\n\n<p>No dia do centen\u00e1rio do nascimento de Jos\u00e9 Saramago, Solange Francisco apresenta o &#8220;Memorial do Convento&#8221;, \u00faltimo v\u00eddeo de divulga\u00e7\u00e3o da obra do autor.<\/p>\n","protected":false},"excerpt":{"rendered":"<p>No dia do centen\u00e1rio do nascimento de Jos\u00e9 Saramago, Solange Francisco apresenta o &#8220;Memorial do Convento&#8221;, \u00faltimo v\u00eddeo de divulga\u00e7\u00e3o da obra do autor.<\/p>\n","protected":false},"author":2,"featured_media":0,"comment_status":"closed","ping_status":"closed","sticky":false,"template":"","format":"standard","meta":{"footnotes":""},"categories":[50,36,24,46],"tags":[],"class_list":["post-1197","post","type-post","status-publish","format-standard","hentry","category-jose-saramago","category-leitura","category-lemos-com-sentidos","category-livros"],"_links":{"self":[{"href":"https:\/\/mediateca.age-mgpoente.pt\/index.php?rest_route=\/wp\/v2\/posts\/1197","targetHints":{"allow":["GET"]}}],"collection":[{"href":"https:\/\/mediateca.age-mgpoente.pt\/index.php?rest_route=\/wp\/v2\/posts"}],"about":[{"href":"https:\/\/mediateca.age-mgpoente.pt\/index.php?rest_route=\/wp\/v2\/types\/post"}],"author":[{"embeddable":true,"href":"https:\/\/mediateca.age-mgpoente.pt\/index.php?rest_route=\/wp\/v2\/users\/2"}],"replies":[{"embeddable":true,"href":"https:\/\/mediateca.age-mgpoente.pt\/index.php?rest_route=%2Fwp%2Fv2%2Fcomments&post=1197"}],"version-history":[{"count":1,"href":"https:\/\/mediateca.age-mgpoente.pt\/index.php?rest_route=\/wp\/v2\/posts\/1197\/revisions"}],"predecessor-version":[{"id":1198,"href":"https:\/\/mediateca.age-mgpoente.pt\/index.php?rest_route=\/wp\/v2\/posts\/1197\/revisions\/1198"}],"wp:attachment":[{"href":"https:\/\/mediateca.age-mgpoente.pt\/index.php?rest_route=%2Fwp%2Fv2%2Fmedia&parent=1197"}],"wp:term":[{"taxonomy":"category","embeddable":true,"href":"https:\/\/mediateca.age-mgpoente.pt\/index.php?rest_route=%2Fwp%2Fv2%2Fcategories&post=1197"},{"taxonomy":"post_tag","embeddable":true,"href":"https:\/\/mediateca.age-mgpoente.pt\/index.php?rest_route=%2Fwp%2Fv2%2Ftags&post=1197"}],"curies":[{"name":"wp","href":"https:\/\/api.w.org\/{rel}","templated":true}]}}